{"id":95054,"date":"2026-02-25T21:58:35","date_gmt":"2026-02-25T15:58:35","guid":{"rendered":"https:\/\/themelooks.net\/demo\/foodbook\/?p=95054"},"modified":"2026-04-08T20:54:02","modified_gmt":"2026-04-08T14:54:02","slug":"cualquier-tiempo-pasado-fue-mejor-wordreference-23","status":"publish","type":"post","link":"https:\/\/themelooks.net\/demo\/foodbook\/cualquier-tiempo-pasado-fue-mejor-wordreference-23\/","title":{"rendered":"cualquier tiempo pasado fue mejor WordReference Forums"},"content":{"rendered":"<p>Okay muchas gracias por sus respuesta. Estimada Sol Yun; Ambas se utilizan de la misma manera en el idioma espa\u00f1ol seg\u00fan las distintas variedades dialectales. Pregunto la diferencia entre las dos porque en siguiente caso hay una diferencia peque\u00f1a de sentidos.<\/p>\n<ul>\n<li>Bueno, en espa\u00f1ol no es exactamente igual.<\/li>\n<li>Estoy haciendo una redacci\u00f3n y quiero hablar del pasado, no esta dentro de ninguna frase en concreto.<\/li>\n<li>Soy estudiante de espa\u00f1ol y nunca he visto &quot;creo que&quot; + subjuntivo Gracias!<\/li>\n<li>Quisiera saber claramente el uso de subjuntivo.<\/li>\n<\/ul>\n<p>Entonces las dos frases tienen mismo sentido? Ambas frases son correctas y se pueden utilizan indistintamente para describir un mismo fen\u00f3meno. Entonces la primera frase tendr\u00e1 un error? Quisiera saber claramente el uso de subjuntivo.<\/p>\n<p>Creo que el autor se ha dejado influir por la presencia de &quot;mejor&quot;. \u00bfPor qu\u00e9 dice &quot;creo que lo mejor sea&quot; (con subjuntivo) en vez de &quot;creo que lo mejor es&quot; ? Hola, en una canci\u00f3n de Jarabe de Palo (Due\u00f1o de mi Silencio) la letra es &quot;creo que lo mejor sea que te olvides de m\u00ed&quot;.<\/p>\n<p>Yo creo que la palabra com\u00fan en todos los pa\u00edses es la palabra ba\u00f1o. Por aqu\u00ed, ba\u00f1o (no s\u00e9 si es igual en todo el pa\u00eds), tanto en las casas particulares como en los lugares p\u00fablicos. Ahora se emplea cada vez m\u00e1s aseo La gente mayor dice V\u00e1ter o W\u00e1ter, pronunciado B\u00e1ter, para dentro de una casa. Tambi\u00e9n a veces &quot;aseos&quot;.<\/p>\n<p>Pero, de hecho, en este contexto se trata de un juicio de valor ( olvides- subjuntivo ) y el autor quiere implicar una duda si o no es lo mejor al usar &quot;sea&quot; en vez de &quot;es&quot;. Pero hablando sin esa precisi\u00f3n profesional aunque sea un aseo, el due\u00f1o de la casa te dir\u00e1 &quot;el ba\u00f1o es la segunda puerta del pasillo&quot;. Adelante se emplea menos para el mismo contexto, por <a href=\"https:\/\/casinoes1.com\/\">mejor casino online espa\u00f1ol<\/a> lo menos en el espa\u00f1ol de Espa\u00f1a, se oye m\u00e1s con verbos, aunque tambi\u00e9n es correcto en ese otro uso. Yo hubiese dicho ha sido escoltada (aunque me suenan bien las dos) , ya que en este caso, en mi opini\u00f3n, es una traducci\u00f3n literal del catal\u00e1n, pero quiz\u00e1s me equivoque. P\u00fablico o de una casa se puede llamar lavabo.<\/p>\n<p>Nokk, muchas gracias.. Buena pregunta&#8230; Ya que la he repetido en un mismo p\u00e1rrafo dos veces y no encuentro otra forma de decirlo, agradecer\u00eda su ayuda. Hola, estoy escribiendo la memoria para mi proyecto de t\u00edtulo y tengo un problema con la frase &#8216;cada vez m\u00e1s&#8217;.. Si lo quieres m\u00e1s informal puedes decir &quot;ll\u00e1menos&quot;.<\/p>\n<p>Ana est\u00e1 detr\u00e1s\/atr\u00e1s\/delante. Est\u00e1 detr\u00e1s\/atr\u00e1s\/delante. En cambio con delante\/adelante, en tu ejemplo solo me parece correcto delante. Tal vez en el R\u00edo de la Plata tenemos extendido el use de &#8216;adelante&#8217; (en contra de &#8216;delante&#8217;) porque la que me suena peor, es precisamente la segunda&#8230; Lo de atr\u00e1s lo dejo atr\u00e1s -de momento- para no extenderme demasiado. El 0-6 ante el Barcelona ha sido &quot;lo peor, sin duda&quot;, que ha vivido como jugador rojiblanco.<\/p>\n<p>Puedo admitirlo como un recurso &quot;po\u00e9tico&quot;, pero en el habla normal, dudo que mucha gente opte por el subjuntivo, en lugar de por el indicativo (aqu\u00ed, en Espa\u00f1a). Y \u00bfpor qu\u00e9 no si el autor quiere expresarse as\u00ed ? Siempre quise ser tu amigo, no lo consegu\u00ed; creo que lo mejor sea que te olvides de mi; qu\u00e9date con lo bonito deja caer esa l\u00e1grima. Cr\u00e9eme cuando te digo que es mejor as\u00ed; que no hay cielo sin estrellas ni un principio sin un fin; que despu\u00e9s del invierno viene la primavera.<\/p>\n","protected":false},"excerpt":{"rendered":"<p>Okay muchas gracias por sus respuesta. Estimada Sol Yun; Ambas se utilizan de la misma manera en el idioma espa\u00f1ol seg\u00fan las distintas variedades dialectales. Pregunto<\/p>\n","protected":false},"author":3,"featured_media":0,"comment_status":"open","ping_status":"open","sticky":false,"template":"","format":"standard","meta":{"footnotes":""},"categories":[62],"tags":[],"class_list":["post-95054","post","type-post","status-publish","format-standard","hentry","category-casino"],"_links":{"self":[{"href":"https:\/\/themelooks.net\/demo\/foodbook\/wp-json\/wp\/v2\/posts\/95054","targetHints":{"allow":["GET"]}}],"collection":[{"href":"https:\/\/themelooks.net\/demo\/foodbook\/wp-json\/wp\/v2\/posts"}],"about":[{"href":"https:\/\/themelooks.net\/demo\/foodbook\/wp-json\/wp\/v2\/types\/post"}],"author":[{"embeddable":true,"href":"https:\/\/themelooks.net\/demo\/foodbook\/wp-json\/wp\/v2\/users\/3"}],"replies":[{"embeddable":true,"href":"https:\/\/themelooks.net\/demo\/foodbook\/wp-json\/wp\/v2\/comments?post=95054"}],"version-history":[{"count":1,"href":"https:\/\/themelooks.net\/demo\/foodbook\/wp-json\/wp\/v2\/posts\/95054\/revisions"}],"predecessor-version":[{"id":95055,"href":"https:\/\/themelooks.net\/demo\/foodbook\/wp-json\/wp\/v2\/posts\/95054\/revisions\/95055"}],"wp:attachment":[{"href":"https:\/\/themelooks.net\/demo\/foodbook\/wp-json\/wp\/v2\/media?parent=95054"}],"wp:term":[{"taxonomy":"category","embeddable":true,"href":"https:\/\/themelooks.net\/demo\/foodbook\/wp-json\/wp\/v2\/categories?post=95054"},{"taxonomy":"post_tag","embeddable":true,"href":"https:\/\/themelooks.net\/demo\/foodbook\/wp-json\/wp\/v2\/tags?post=95054"}],"curies":[{"name":"wp","href":"https:\/\/api.w.org\/{rel}","templated":true}]}}